{"id":17945,"date":"2025-07-06T10:36:31","date_gmt":"2025-07-06T08:36:31","guid":{"rendered":"https:\/\/fundacja.etiudaandanima.pl\/?p=17945"},"modified":"2025-07-06T10:39:47","modified_gmt":"2025-07-06T08:39:47","slug":"17-ogolnopolski-konkurs-prelegentow-filmowych-czekamy-na-zgloszenia","status":"publish","type":"post","link":"https:\/\/fundacja.etiudaandanima.pl\/en\/projekty\/17-ogolnopolski-konkurs-prelegentow-filmowych-czekamy-na-zgloszenia\/","title":{"rendered":"17. Og\u00f3lnopolski Konkurs Prelegent\u00f3w Filmowych - czekamy na zg\u0142oszenia"},"content":{"rendered":"<p><strong>Szanowni Klubowicze i Klubowiczki!<\/strong><\/p>\n\n\n\n<p>W imieniu Polskiej Federacji Dyskusyjnych Klub\u00f3w Filmowych mam przyjemno\u015b\u0107 zaprosi\u0107 do udzia\u0142u w 17. Og\u00f3lnopolskim Konkursie Prelegent\u00f3w Filmowych, kt\u00f3ry odb\u0119dzie si\u0119 podczas tegorocznej Letniej Akademii Filmowej w Zwierzy\u0144cu (10-17 sierpnia)!<\/p>\n\n\n\n<p><br><\/p>\n\n\n<div class=\"wp-block-image is-style-default\">\n<figure class=\"aligncenter size-large is-resized\"><img loading=\"lazy\" decoding=\"async\" width=\"724\" height=\"1024\" src=\"https:\/\/fundacja.etiudaandanima.pl\/wp-content\/uploads\/2025\/07\/17-okpf-2025-724x1024.jpg\" alt=\"\" class=\"wp-image-17946\" style=\"width:516px;height:auto\" srcset=\"https:\/\/fundacja.etiudaandanima.pl\/wp-content\/uploads\/2025\/07\/17-okpf-2025-724x1024.jpg 724w, https:\/\/fundacja.etiudaandanima.pl\/wp-content\/uploads\/2025\/07\/17-okpf-2025-102x144.jpg 102w, https:\/\/fundacja.etiudaandanima.pl\/wp-content\/uploads\/2025\/07\/17-okpf-2025-106x150.jpg 106w, https:\/\/fundacja.etiudaandanima.pl\/wp-content\/uploads\/2025\/07\/17-okpf-2025-768x1086.jpg 768w, https:\/\/fundacja.etiudaandanima.pl\/wp-content\/uploads\/2025\/07\/17-okpf-2025-1086x1536.jpg 1086w, https:\/\/fundacja.etiudaandanima.pl\/wp-content\/uploads\/2025\/07\/17-okpf-2025-8x12.jpg 8w, https:\/\/fundacja.etiudaandanima.pl\/wp-content\/uploads\/2025\/07\/17-okpf-2025.jpg 1448w\" sizes=\"auto, (max-width: 724px) 100vw, 724px\" \/><figcaption class=\"wp-element-caption\">Plakat 17. Og\u00f3lnopolskiego Konkursu Prelegent\u00f3w Filmowych<\/figcaption><\/figure><\/div>\n\n\n<p><br><\/p>\n\n\n\n<p>Organizatorem Konkursu jest PFDKF. Konkurs ma na celu upowszechnienie sztuki prelekcji, jako metody popularyzacji wiedzy o filmie oraz podniesienie kwalifikacji prelegent\u00f3w dzia\u0142aj\u0105cych w dyskusyjnych klubach filmowych i instytucjach pokrewnych.\u00a0<\/p>\n\n\n\n<p><br><\/p>\n\n\n\n<p><strong>Kalendarz Konkursu:&nbsp;<\/strong><br><br>- zg\u0142oszenia kandydat\u00f3w \u2013 do 15 lipca br.,<br>- og\u0142oszenie listy uczestnik\u00f3w Konkursu \u2013 do 22 lipca br.,&nbsp;<br>- prelekcje konkursowe \u2013 od 11 do 15 sierpnia br.,&nbsp;<br>- og\u0142oszenie wynik\u00f3w Konkursu i wr\u0119czenie nagr\u00f3d \u2013 16 sierpnia br.&nbsp;<\/p>\n\n\n\n<p><br><\/p>\n\n\n\n<p><strong>Regulamin i Formularz zg\u0142oszeniowy OKPF 2025:<\/strong>\u00a0<br><a href=\"http:\/\/www.pfdkf.pl\/konkurs-prelegentow\/detail,nID,3519\" target=\"_blank\" rel=\"noreferrer noopener\"><span style=\"text-decoration: underline;\">http:\/\/www.pfdkf.pl\/konkurs-prelegentow\/detail,nID,3519<\/span><\/a><\/p>\n\n\n\n<p><\/p>","protected":false},"excerpt":{"rendered":"<p>Szanowni Klubowicze i Klubowiczki! W imieniu Polskiej Federacji Dyskusyjnych Klub\u00f3w Filmowych mam przyjemno\u015b\u0107 zaprosi\u0107 do udzia\u0142u w 17. Og\u00f3lnopolskim Konkursie Prelegent\u00f3w Filmowych, kt\u00f3ry odb\u0119dzie si\u0119 podczas tegorocznej Letniej Akademii Filmowej w Zwierzy\u0144cu (10-17 sierpnia)! Organizatorem Konkursu jest PFDKF. Konkurs ma na celu upowszechnienie sztuki prelekcji, jako metody popularyzacji wiedzy o filmie oraz podniesienie kwalifikacji prelegent\u00f3w [&hellip;]<\/p>","protected":false},"author":14,"featured_media":17952,"comment_status":"closed","ping_status":"open","sticky":false,"template":"","format":"standard","meta":{"footnotes":""},"categories":[1446,753,624],"tags":[],"class_list":["post-17945","post","type-post","status-publish","format-standard","has-post-thumbnail","hentry","category-1446","category-dkf-rotunda","category-projekty"],"_links":{"self":[{"href":"https:\/\/fundacja.etiudaandanima.pl\/en\/wp-json\/wp\/v2\/posts\/17945","targetHints":{"allow":["GET"]}}],"collection":[{"href":"https:\/\/fundacja.etiudaandanima.pl\/en\/wp-json\/wp\/v2\/posts"}],"about":[{"href":"https:\/\/fundacja.etiudaandanima.pl\/en\/wp-json\/wp\/v2\/types\/post"}],"author":[{"embeddable":true,"href":"https:\/\/fundacja.etiudaandanima.pl\/en\/wp-json\/wp\/v2\/users\/14"}],"replies":[{"embeddable":true,"href":"https:\/\/fundacja.etiudaandanima.pl\/en\/wp-json\/wp\/v2\/comments?post=17945"}],"version-history":[{"count":5,"href":"https:\/\/fundacja.etiudaandanima.pl\/en\/wp-json\/wp\/v2\/posts\/17945\/revisions"}],"predecessor-version":[{"id":17951,"href":"https:\/\/fundacja.etiudaandanima.pl\/en\/wp-json\/wp\/v2\/posts\/17945\/revisions\/17951"}],"wp:featuredmedia":[{"embeddable":true,"href":"https:\/\/fundacja.etiudaandanima.pl\/en\/wp-json\/wp\/v2\/media\/17952"}],"wp:attachment":[{"href":"https:\/\/fundacja.etiudaandanima.pl\/en\/wp-json\/wp\/v2\/media?parent=17945"}],"wp:term":[{"taxonomy":"category","embeddable":true,"href":"https:\/\/fundacja.etiudaandanima.pl\/en\/wp-json\/wp\/v2\/categories?post=17945"},{"taxonomy":"post_tag","embeddable":true,"href":"https:\/\/fundacja.etiudaandanima.pl\/en\/wp-json\/wp\/v2\/tags?post=17945"}],"curies":[{"name":"wp","href":"https:\/\/api.w.org\/{rel}","templated":true}]}}