{"id":17381,"date":"2023-06-28T12:13:25","date_gmt":"2023-06-28T10:13:25","guid":{"rendered":"http:\/\/fundacja.etiudaandanima.pl\/?p=17381"},"modified":"2023-06-28T12:29:20","modified_gmt":"2023-06-28T10:29:20","slug":"notacja-kobiety-malopolski-w-animacji-wiola-sowa","status":"publish","type":"post","link":"https:\/\/fundacja.etiudaandanima.pl\/en\/projekty\/2022\/notacja-kobiety-malopolski-w-animacji-wiola-sowa\/","title":{"rendered":"Notacja: Kobiety Ma\u0142opolski w animacji - Wiola Sowa"},"content":{"rendered":"<p><br>Bohaterk\u0105 notacji jest Wiola Sowa, kt\u00f3ra w tym roku ko\u0144czy 50 lat, wi\u0119c jest to wyj\u0105tkowy moment w \u017cyciu i karierze. Wiola przeciera\u0142a swoimi animacjami szlaki kobiecej animacji. Wyj\u0105tkowo sensualne animacje Refreny i Pomi\u0119dzy nami pokazuj\u0105 t\u0105 r\u00f3\u017cnic\u0119 w widzeniu \u015bwiata oraz uczu\u0107 mi\u0119dzy kobietami a m\u0119\u017cczyznami. Wiola uczestniczy tak\u017ce w wielu odwa\u017cnych intermedialnych projektach, nie boi si\u0119 kolejnych artystycznych wyzwa\u0144.<\/p>\n\n\n\n<p><strong>Wywiad z Wiol\u0105 Sow\u0105 przeprowadzi\u0142 Bogus\u0142aw Zmudzi\u0144ski.<\/strong><\/p>\n\n\n\n<p><\/p>\n\n\n\n<p><br><\/p>\n\n\n\n<figure class=\"wp-block-embed-youtube wp-block-embed is-type-video is-provider-youtube wp-embed-aspect-16-9 wp-has-aspect-ratio\"><div class=\"wp-block-embed__wrapper\">\n<iframe loading=\"lazy\" title=\"Notacja \u201eKobiety Ma\u0142opolski w animacji. Wiola Sowa\u201d - 29. MFF Etiuda&amp;Anima\" width=\"500\" height=\"281\" src=\"https:\/\/www.youtube.com\/embed\/zfPjZWHBR88?feature=oembed\" frameborder=\"0\" allow=\"accelerometer; autoplay; clipboard-write; encrypted-media; gyroscope; picture-in-picture; web-share\" referrerpolicy=\"strict-origin-when-cross-origin\" allowfullscreen><\/iframe>\n<\/div><\/figure>\n\n\n\n<p><br><br><\/p>\n\n\n\n<p><strong>O notacji<\/strong><br>Celem projektu jest zwr\u00f3cenie uwagi na artystki kszta\u0142c\u0105ce si\u0119 w Pracowni Filmu Animowanego Akademii Sztuk Pi\u0119knych im. Jana Matejki w Krakowie. Pragniemy podkre\u015bli\u0107 ogromn\u0105 r\u00f3\u017cnic\u0119 jaka panuje w bran\u017cy animacji w por\u00f3wnaniu z ubieg\u0142ym wiekiem, gdzie zdecydowanie dominowali m\u0119\u017cczy\u017ani. Poka\u017cemy ogromn\u0105 rol\u0119 kobiet w \u015bwiecie animacji oraz kolosaln\u0105 r\u00f3\u017cnic\u0119 w tematyce oraz proporcjach p\u0142ci od czas\u00f3w PRL-u. <\/p>\n\n\n\n<p>Obecnie to najciekawsze filmy, o dotychczas niespotykanym w polskiej animacji ani\npolskim filmie profilu, kt\u00f3ry mo\u017cna okre\u015bli\u0107 jako feministyczny, a w ka\u017cdym\nrazie \u2013 jako realizowany z kobiecego punktu widzenia. Kobiety tworz\u0105ce filmy\nm\u00f3wi\u0105ce o kobietach \u2013 jest to zdecydowana nowo\u015b\u0107 ostatnich kilku lat na polskim\nrynku filmu animowanego. Stopniowo wchodz\u0105 z sukcesem do animacji kolejne\nartystki, kt\u00f3re dekonstruuj\u0105 dominuj\u0105c\u0105 dotychczas m\u0119skocentryczn\u0105 narracj\u0119.\nCzyni\u0105 to poprzez wprowadzenie nowego typu bohatera (bohaterki), \u015bwiata i\nproblem\u00f3w do tej pory nieobecnych b\u0105d\u017a wykluczanych. W tym w\u0142a\u015bnie kontek\u015bcie\nmo\u017cna dostrzec i przeanalizowa\u0107, \u017ce wsp\u00f3\u0142czesna fala film\u00f3w zrealizowanych w\nwi\u0119kszo\u015bci przez kobiety, po latach bezwzgl\u0119dnej dominacji mistrz\u00f3w, wnosi nie\ntylko do polskiej animacji powiew \u015bwie\u017co\u015bci. <\/p>\n\n\n\n<p>To g\u0142\u00f3wnie kobiety kreuj\u0105 wra\u017cliwo\u015b\u0107 odbiorcy na \u015bwiat, pojawiaj\u0105 si\u0119 w ich filmach zupe\u0142nie inne tematy dotycz\u0105ce w\u0142a\u015bnie niuans\u00f3w \u017cycia kobiet oraz kobiecego cia\u0142a.<\/p>\n\n\n\n<p><br><strong>Produkcja: <\/strong>Foundation for the Promotion of Artistic, Film and Audiovisual Culture Etiuda&amp;Anima <\/p>","protected":false},"excerpt":{"rendered":"<p>Bohaterk\u0105 notacji jest Wiola Sowa, kt\u00f3ra w tym roku ko\u0144czy 50 lat, wi\u0119c jest to wyj\u0105tkowy moment w \u017cyciu i karierze. Wiola przeciera\u0142a swoimi animacjami szlaki kobiecej animacji. Wyj\u0105tkowo sensualne animacje Refreny i Pomi\u0119dzy nami pokazuj\u0105 t\u0105 r\u00f3\u017cnic\u0119 w widzeniu \u015bwiata oraz uczu\u0107 mi\u0119dzy kobietami a m\u0119\u017cczyznami. Wiola uczestniczy tak\u017ce w wielu odwa\u017cnych intermedialnych projektach, [&hellip;]<\/p>","protected":false},"author":14,"featured_media":17382,"comment_status":"closed","ping_status":"open","sticky":false,"template":"","format":"standard","meta":{"footnotes":""},"categories":[749,1426],"tags":[],"class_list":["post-17381","post","type-post","status-publish","format-standard","has-post-thumbnail","hentry","category-749","category-noteacje"],"_links":{"self":[{"href":"https:\/\/fundacja.etiudaandanima.pl\/en\/wp-json\/wp\/v2\/posts\/17381","targetHints":{"allow":["GET"]}}],"collection":[{"href":"https:\/\/fundacja.etiudaandanima.pl\/en\/wp-json\/wp\/v2\/posts"}],"about":[{"href":"https:\/\/fundacja.etiudaandanima.pl\/en\/wp-json\/wp\/v2\/types\/post"}],"author":[{"embeddable":true,"href":"https:\/\/fundacja.etiudaandanima.pl\/en\/wp-json\/wp\/v2\/users\/14"}],"replies":[{"embeddable":true,"href":"https:\/\/fundacja.etiudaandanima.pl\/en\/wp-json\/wp\/v2\/comments?post=17381"}],"version-history":[{"count":4,"href":"https:\/\/fundacja.etiudaandanima.pl\/en\/wp-json\/wp\/v2\/posts\/17381\/revisions"}],"predecessor-version":[{"id":17388,"href":"https:\/\/fundacja.etiudaandanima.pl\/en\/wp-json\/wp\/v2\/posts\/17381\/revisions\/17388"}],"wp:featuredmedia":[{"embeddable":true,"href":"https:\/\/fundacja.etiudaandanima.pl\/en\/wp-json\/wp\/v2\/media\/17382"}],"wp:attachment":[{"href":"https:\/\/fundacja.etiudaandanima.pl\/en\/wp-json\/wp\/v2\/media?parent=17381"}],"wp:term":[{"taxonomy":"category","embeddable":true,"href":"https:\/\/fundacja.etiudaandanima.pl\/en\/wp-json\/wp\/v2\/categories?post=17381"},{"taxonomy":"post_tag","embeddable":true,"href":"https:\/\/fundacja.etiudaandanima.pl\/en\/wp-json\/wp\/v2\/tags?post=17381"}],"curies":[{"name":"wp","href":"https:\/\/api.w.org\/{rel}","templated":true}]}}