{"id":17361,"date":"2023-06-28T11:28:06","date_gmt":"2023-06-28T09:28:06","guid":{"rendered":"http:\/\/fundacja.etiudaandanima.pl\/?p=17361"},"modified":"2023-06-28T12:01:05","modified_gmt":"2023-06-28T10:01:05","slug":"notacje-sabina-antoniszczak-o-ryszardzie-antoniszczaku-i-studio-filmow-animowanych-w-krakowie","status":"publish","type":"post","link":"https:\/\/fundacja.etiudaandanima.pl\/en\/projekty\/2021\/notacje-sabina-antoniszczak-o-ryszardzie-antoniszczaku-i-studio-filmow-animowanych-w-krakowie\/","title":{"rendered":"Notacje: Sabina Antoniszczak o Ryszardzie Antoniszczaku i Studio Film\u00f3w Animowanych w Krakowie"},"content":{"rendered":"<p><br>Bohaterem notacji jest Ryszard Antoniszczak, ur. 1947 r. w Nowym S\u0105czu, m\u0142odszy brat Juliana J\u00f3zefa Antonisza, plastyk, tw\u00f3rca animacji, autor ksi\u0105\u017cek. Niestety zmar\u0142 w momencie przygotow\u0144 do nagrania, dlatego te\u017c opowiada o nim Sabina Antoniszczak, c\u00f3rka Juliana Antonisza. <\/p>\n\n\n\n<p>Uko\u0144czy\u0142 Wydzia\u0142 Malarstwa i Grafiki ASP w Krakowie, uczy\u0142 si\u0119 tak\u017ce w Pracowni Rysunku Filmowego ASP. Od 1974 r. zwi\u0105zany ze Studiem Film\u00f3w Animowanych. Zas\u0142yn\u0105\u0142 debiutanckim filmem \u201c\u017begnaj paro\u201d (1974), nawi\u0105zuj\u0105cym do s\u0142ynnej \u201c\u017b\u00f3\u0142tej \u0142odzi podwodnej\u201d. Od 1981 r. mieszka w Szwecji i w Hiszpanii, prowadz\u0105c firm\u0119 Antonius Animation. Adresatem jego film\u00f3w i ksi\u0105\u017cek s\u0105 przede wszystkim dzieci. Realizacja notacji, kt\u00f3rej bohaterem jest Ryszard Antoniszczak, ma na celu zachowanie w formie audiowizualnej wspomnie\u0144 o arty\u015bcie i jego zwi\u0105zku ze Studiem Film\u00f3w Animowanych w Krakowie.<\/p>\n\n\n\n<p><strong>Sabin\u0119 Antoniszczak wys\u0142ucha\u0142 Bogus\u0142aw Zmudzi\u0144ski<\/strong><\/p>\n\n\n\n<p><\/p>\n\n\n\n<p><br><\/p>\n\n\n\n<figure class=\"wp-block-embed-youtube wp-block-embed is-type-video is-provider-youtube wp-embed-aspect-16-9 wp-has-aspect-ratio\"><div class=\"wp-block-embed__wrapper\">\n<iframe loading=\"lazy\" title=\"Notacje: Sabina Antoniszczak o Ryszardzie Antoniszczaku i Studio Film\u00f3w Animowanych w Krakowie\" width=\"500\" height=\"281\" src=\"https:\/\/www.youtube.com\/embed\/Ugq6Xo4v6zU?feature=oembed\" frameborder=\"0\" allow=\"accelerometer; autoplay; clipboard-write; encrypted-media; gyroscope; picture-in-picture; web-share\" referrerpolicy=\"strict-origin-when-cross-origin\" allowfullscreen><\/iframe>\n<\/div><\/figure>\n\n\n\n<p><br><br><\/p>\n\n\n\n<p><strong>O notacjach <\/strong><br>Tematem cyklu notacji jest ocalenie od zapomnienia wiedzy na temat Studia Film\u00f3w Animowanych w Krakowie i \u015brodowiska artystycznego z nim zwi\u0105zanego. Studio powsta\u0142o w Krakowie w 1966 r. jako filia warszawskiego Studia Miniatur Filmowych. Inicjatorem i za\u0142o\u017cycielem by\u0142 Kazimierz Urba\u0144ski - wyk\u0142adowca Akademii Sztuk Pi\u0119knych w Krakowie, prowadz\u0105cy tam Pracowni\u0119 Rysunku Filmowego. W 1974 r studio uzyska\u0142o samodzielno\u015b\u0107 prawn\u0105 i now\u0105 nazw\u0119 - Studio Film\u00f3w Animowanych, pod kt\u00f3r\u0105 sta\u0142o si\u0119 s\u0142awne na ca\u0142ym \u015bwiecie. G\u0142\u00f3wnym zadaniem studia by\u0142a realizacja animowanych autorskich film\u00f3w kr\u00f3tkometra\u017cowych, adresowanych do widza doros\u0142ego. Produkowano tam jednak tak\u017ce filmy dla dzieci oraz inne formy kr\u00f3tkometra\u017cowe. W\u015br\u00f3d czo\u0142owych tw\u00f3rc\u00f3w SFA trzeba wymieni\u0107: Jerzego Kuci\u0119, Juliana Antonisza, Ryszarda Antoniszczaka, Ryszarda Czeka\u0142\u0119, Krzysztofa Kiwerskiego, Krzysztofa Raynocha, Aleksandra Sroczy\u0144skiego, Andrzeja Warcha\u0142a, Zbigniewa Szyma\u0144skiego oraz Longina Szmyda . W latach 90. XX wieku rozpocz\u0105\u0142 si\u0119 kryzys SFA w Krakowie, kt\u00f3re ostatecznie zosta\u0142o zamkni\u0119te w 2003r. Notacje b\u0119d\u0105 spe\u0142nia\u0107 walory poznawcze, dokumentacyjne, upowszechniaj\u0105c dobra kultury w Ma\u0142opolsce. <\/p>\n\n\n\n<p><br><strong>Produkcja: <\/strong>Foundation for the Promotion of Artistic, Film and Audiovisual Culture Etiuda&amp;Anima <\/p>","protected":false},"excerpt":{"rendered":"<p>Bohaterem notacji jest Ryszard Antoniszczak, ur. 1947 r. w Nowym S\u0105czu, m\u0142odszy brat Juliana J\u00f3zefa Antonisza, plastyk, tw\u00f3rca animacji, autor ksi\u0105\u017cek. Niestety zmar\u0142 w momencie przygotow\u0144 do nagrania, dlatego te\u017c opowiada o nim Sabina Antoniszczak, c\u00f3rka Juliana Antonisza. Uko\u0144czy\u0142 Wydzia\u0142 Malarstwa i Grafiki ASP w Krakowie, uczy\u0142 si\u0119 tak\u017ce w Pracowni Rysunku Filmowego ASP. Od [&hellip;]<\/p>","protected":false},"author":14,"featured_media":17353,"comment_status":"closed","ping_status":"open","sticky":false,"template":"","format":"standard","meta":{"footnotes":""},"categories":[731,1426],"tags":[1427,1430,1429,1428],"class_list":["post-17361","post","type-post","status-publish","format-standard","has-post-thumbnail","hentry","category-731","category-noteacje","tag-notacje-2021","tag-ryszard-antoniszczak","tag-sabina-antoniszczak","tag-studio-filmow-animowanych-w-krakowie"],"_links":{"self":[{"href":"https:\/\/fundacja.etiudaandanima.pl\/en\/wp-json\/wp\/v2\/posts\/17361","targetHints":{"allow":["GET"]}}],"collection":[{"href":"https:\/\/fundacja.etiudaandanima.pl\/en\/wp-json\/wp\/v2\/posts"}],"about":[{"href":"https:\/\/fundacja.etiudaandanima.pl\/en\/wp-json\/wp\/v2\/types\/post"}],"author":[{"embeddable":true,"href":"https:\/\/fundacja.etiudaandanima.pl\/en\/wp-json\/wp\/v2\/users\/14"}],"replies":[{"embeddable":true,"href":"https:\/\/fundacja.etiudaandanima.pl\/en\/wp-json\/wp\/v2\/comments?post=17361"}],"version-history":[{"count":1,"href":"https:\/\/fundacja.etiudaandanima.pl\/en\/wp-json\/wp\/v2\/posts\/17361\/revisions"}],"predecessor-version":[{"id":17362,"href":"https:\/\/fundacja.etiudaandanima.pl\/en\/wp-json\/wp\/v2\/posts\/17361\/revisions\/17362"}],"wp:featuredmedia":[{"embeddable":true,"href":"https:\/\/fundacja.etiudaandanima.pl\/en\/wp-json\/wp\/v2\/media\/17353"}],"wp:attachment":[{"href":"https:\/\/fundacja.etiudaandanima.pl\/en\/wp-json\/wp\/v2\/media?parent=17361"}],"wp:term":[{"taxonomy":"category","embeddable":true,"href":"https:\/\/fundacja.etiudaandanima.pl\/en\/wp-json\/wp\/v2\/categories?post=17361"},{"taxonomy":"post_tag","embeddable":true,"href":"https:\/\/fundacja.etiudaandanima.pl\/en\/wp-json\/wp\/v2\/tags?post=17361"}],"curies":[{"name":"wp","href":"https:\/\/api.w.org\/{rel}","templated":true}]}}