{"id":16222,"date":"2020-09-21T12:23:59","date_gmt":"2020-09-21T10:23:59","guid":{"rendered":"http:\/\/fundacja.etiudaandanima.pl\/?p=16222"},"modified":"2023-01-03T13:47:21","modified_gmt":"2023-01-03T12:47:21","slug":"tworczosc-filmowa-jana-svankmajera-publikacja","status":"publish","type":"post","link":"https:\/\/fundacja.etiudaandanima.pl\/en\/publikacje\/tworczosc-filmowa-jana-svankmajera-publikacja\/","title":{"rendered":"The film work of Jan \u015avankmajer - publication"},"content":{"rendered":"<h3 class=\"has-text-align-center wp-block-heading\">The film work of Jan \u015avankmajer<\/h3>\n\n\n\n<div class=\"wp-block-image\"><figure class=\"aligncenter size-large is-resized\"><img loading=\"lazy\" decoding=\"async\" src=\"http:\/\/fundacja.etiudaandanima.pl\/wp-content\/uploads\/2020\/09\/Zmudzi\u0144ski_okladka.jpg\" alt=\"\" class=\"wp-image-16226\" width=\"551\" height=\"797\" srcset=\"https:\/\/fundacja.etiudaandanima.pl\/wp-content\/uploads\/2020\/09\/Zmudzi\u0144ski_okladka.jpg 627w, https:\/\/fundacja.etiudaandanima.pl\/wp-content\/uploads\/2020\/09\/Zmudzi\u0144ski_okladka-99x144.jpg 99w, https:\/\/fundacja.etiudaandanima.pl\/wp-content\/uploads\/2020\/09\/Zmudzi\u0144ski_okladka-104x150.jpg 104w, https:\/\/fundacja.etiudaandanima.pl\/wp-content\/uploads\/2020\/09\/Zmudzi\u0144ski_okladka-600x869.jpg 600w\" sizes=\"auto, (max-width: 551px) 100vw, 551px\" \/><figcaption>Ok\u0142adka publikacji<\/figcaption><\/figure><\/div>\n\n\n\n<p>\u00a9 Wydawnictwa AGH, Krak\u00f3w 2020<br>\u00a9 Fundacja Promocji Kultury Artystycznej, Filmowej i Audiowizualnej<br>Etiuda&amp;Anima<br>ISBN 978-83-66364-42-4<br>Krak\u00f3w 2020<\/p>\n\n\n\n<div class=\"wp-block-image\"><figure class=\"aligncenter size-large is-resized\"><img loading=\"lazy\" decoding=\"async\" src=\"http:\/\/fundacja.etiudaandanima.pl\/wp-content\/uploads\/2012\/10\/agh_znk_wbr_rgb_150ppi.jpg\" alt=\"\" class=\"wp-image-11194\" width=\"353\" height=\"146\"\/><\/figure><\/div>\n\n\n\n<p><strong><u>Darmowy i otwarty dost\u0119p do publikacji!<\/u><\/strong><\/p>\n\n\n\n<p>Patronat medialny nad wydarzeniem: publikacja Bogus\u0142awa Zmudzi\u0144skiego pt. \"Tw\u00f3rczo\u015b\u0107 filmowa Jana Svankmajera. G\u0142\u00f3wne konteksty kulturowe i ideowe\" obj\u0119\u0142a <a href=\"https:\/\/tvpkultura.tvp.pl\/\">TVP Kultura<\/a>. Wi\u0119cej po <a href=\"https:\/\/tvpkultura.tvp.pl\/50522409\/ksiazka-boguslawa-zmudzinskiego\">tym adresem<\/a>.<\/p>\n\n\n\n<div class=\"wp-block-image\"><figure class=\"aligncenter is-resized\"><a href=\"https:\/\/tvpkultura.tvp.pl\/\"><img loading=\"lazy\" decoding=\"async\" src=\"http:\/\/fundacja.etiudaandanima.pl\/wp-content\/uploads\/2012\/10\/tvp_kultura.jpg\" alt=\"\" class=\"wp-image-11215\" width=\"317\" height=\"131\"\/><\/a><\/figure><\/div>\n\n\n\n<p>Publikacja jest udost\u0119pniana w ramach wolnego i otwartego dost\u0119pu on-line poni\u017cej:<br><div class=\"sdm_download_button_box_default\"><div class=\"sdm_download_link\"><a href=\"https:\/\/fundacja.etiudaandanima.pl\/?smd_process_download=1&download_id=16234\" class=\"sdm_download blue\" title=\"The film work of Jan \u015avankmajer - publication\" >Pobierz Publikacj\u0119<\/a><\/div><\/div><br><div class=\"sdm_download_button_box_default\"><div class=\"sdm_download_link\"><a href=\"https:\/\/fundacja.etiudaandanima.pl\/?smd_process_download=1&download_id=16237\" class=\"sdm_download blue\" title=\"Tw\u00f3rczo\u015b\u0107 filmowa Jana \u015avankmajera - Ok\u0142adka Publikacji\" >Pobierz Ok\u0142adk\u0119 Publikacji<\/a><\/div><\/div><\/p>\n\n\n\n<p>Tw\u00f3rczo\u015bci\u0105 Jana \u0160vankmajera Bogus\u0142aw Zmudzi\u0144ski interesuje si\u0119 od dawna. Od wielu lat pisze na ten temat eseje, kt\u00f3re pojawiaj\u0105 si\u0119 w r\u00f3\u017cnych periodykach. Zebrane w ca\u0142o\u015b\u0107 sk\u0142adaj\u0105 si\u0119 na interesuj\u0105c\u0105 i wnikliw\u0105 rozpraw\u0119 krytyczn\u0105 dotykaj\u0105c\u0105 istoty tw\u00f3rczo\u015bci czeskiego mistrza. Autor uwa\u017cnie przygl\u0105da si\u0119 utworom artysty i tropi charakterystyczne dla jego sztuki idee, motywy i w\u0105tki, kt\u00f3re poddaje dociekliwej analizie. (\u2026) Jest te\u017c<br>przekonany o wyj\u0105tkowej pozycji \u0160vankmajera w panteonie re\u017cyser\u00f3w surrealist\u00f3w. Stawia go w jednym rz\u0119dzie ze sztandarow\u0105 postaci\u0105 ruchu Luisem Bu\u00f1uelem. Zdecydowanie unikatow\u0105 tw\u00f3rczo\u015b\u0107 \u0160vankmajera sytuuje w towarzystwie dzie\u0142a trzech tw\u00f3rc\u00f3w, kt\u00f3rzyzajmuj\u0105 osobne miejsce w historii filmu animowanego. S\u0105 to Walerian Borowczyk oraz bracia Stephen i Timothy Quay. Mimo r\u00f3\u017cnic w podej\u015bciu do sztuki istniej\u0105 elementy wsp\u00f3lne, pozwalaj\u0105ce uzna\u0107 tych tw\u00f3rc\u00f3w za jedn\u0105 \u201erodzin\u0119\u201d.<\/p>\n\n\n\n<p class=\"has-text-align-right\">(z recenzji prof. dr. hab. Hieronima Neumanna)<\/p>\n\n\n\n<p>Ujmuj\u0105cym rysem ksi\u0105\u017cki, opartej nie tylko na fascynacji tw\u00f3rczo\u015bci\u0105 i osobowo\u015bci\u0105 Jana \u0160vankmajera, ale r\u00f3wnie\u017c na wieloj\u0119zycznej (w tym czeskiej) literaturze przedmiotu, jest jej szeroki horyzont poznawczy i intelektualny, poniewa\u017c Bogus\u0142aw Zmudzi\u0144ski ujawnia w niej kompetencje nie tylko filmoznawcy, ale r\u00f3wnie\u017c historyka sztuki i filozofa kultury. Funkcjonalny i synergiczny zestr\u00f3j tych r\u00f3l i specjalno\u015bci pozwoli\u0142 mu na wieloaspektowy i uniwersalny dyskurs, kt\u00f3rego celem by\u0142o sportretowanie \u0160vankmajera nie tylko jako filmowego surrealisty, ale tak\u017ce jako przenikliwego analityka i krytyka totalitarnej ideologii i wsp\u00f3\u0142czesnej cywilizacji tout court.<\/p>\n\n\n\n<p class=\"has-text-align-right\">(z recenzji prof. dr. hab. Tadeusza Szczepa\u0144skiego)<\/p>\n\n\n\n<p>Bogus\u0142aw Zmudzi\u0144ski, z wykszta\u0142cenia prawnik i filozof, wieloletni pracownik Wydzia\u0142u Humanistycznego AGH, za\u0142o\u017cyciel i dyrektor artystyczny Mi\u0119dzynarodowego Festiwalu Filmowego Etiuda&amp;Anima, prezes Dyskusyjnego Klubu Filmowego \u201eRotunda\u201d oraz za\u0142o\u017cyciel Fundacji Promocji Kultury Artystycznej, Filmowej i Audiowizualnej Etiuda&amp;Anima. Zajmuje si\u0119 filozofi\u0105 spo\u0142eczn\u0105, estetyk\u0105 i badaniami nad filmem autorskim, w tym zw\u0142aszcza animowanym. Jest cz\u0142onkiem Stowarzyszenia Filmowc\u00f3w Polskich i Association Internationale du Film d\u2019Animation (Mi\u0119dzynarodowego Stowarzyszenia Filmu Animowanego) \u2013 ASIFA.<\/p>\n\n\n\n<p><strong>Redaktor Naczelny Wydawnictw AGH:<\/strong><br>Jan Sas<\/p>\n\n\n\n<p><strong>Komitet Wydawnictw AGH:<\/strong><br>Andrzej Pach (przewodnicz\u0105cy)<br>Jan Ch\u0142opek<br>Barbara G\u0105ciarz<br>Bogdan Sapi\u0144ski<br>Stanis\u0142aw Stryczek<br>Tadeusz Telejko<\/p>\n\n\n\n<p><strong>Recenzenci:<\/strong><br>prof. dr hab. Hieronim Neumann (Uniwersytet Artystyczny w Poznaniu)<br>prof. dr hab. Tadeusz Szczepa\u0144ski (\u0141\u00f3dzka Szko\u0142a Filmowa)<\/p>\n\n\n\n<p><strong>Afiliacja autora:<\/strong><br>AGH Akademia G\u00f3rniczo-Hutnicza<br>Wydzia\u0142 Humanistyczny<br>Katedra Kulturoznawstwa i Filozofii<br>ul. Gramatyka 8a, 30-071 Krak\u00f3w<\/p>\n\n\n\n<p>Na ok\u0142adce wykorzystano zdj\u0119cie autorstwa Bogus\u0142awa Zmudzi\u0144skiego,<br>wykonane za zgod\u0105 Jana \u0160vankmajera w jego pracowni w miejscowo\u015bci Knov\u00edz, w lutym 2016 r.<\/p>\n\n\n\n<p>Na czwartej stronie ok\u0142adki zamieszczono portret Bogus\u0142awa Zmudzi\u0144skiegoautorstwa kanadyjskiego kompozytora Normanda Rogera.<\/p>\n\n\n\n<p><strong>Redakcja:<\/strong><br>Magdalena Grzech<\/p>\n\n\n\n<p><strong>Projekt ok\u0142adki:<\/strong><br>Pawe\u0142 G\u0105sienica\u2011Marcinowski<\/p>\n\n\n\n<p><strong>Autorzy reprodukowanych plakat\u00f3w:<\/strong><br>prof. dr hab. Mieczys\u0142aw G\u00f3rowski \u2013 ASP w Krakowie (s. 219)<br>Adam \u017b\u0105d\u0142o (s. 221)<br>Lucija Mrzljak (s. 223)<\/p>\n\n\n\n<p><strong>Sk\u0142ad komputerowy:<\/strong><br>MarDruk, Marcin Herzog<br>tel. 0 602 130 104, http:\/\/www.mardruk.pl<\/p>","protected":false},"excerpt":{"rendered":"<p>Tw\u00f3rczo\u015b\u0107 filmowa Jana \u015avankmajera \u00a9 Wydawnictwa AGH, Krak\u00f3w 2020\u00a9 Fundacja Promocji Kultury Artystycznej, Filmowej i AudiowizualnejEtiuda&amp;AnimaISBN 978-83-66364-42-4Krak\u00f3w 2020 Darmowy i otwarty dost\u0119p do publikacji! Patronat medialny nad wydarzeniem: publikacja Bogus\u0142awa Zmudzi\u0144skiego pt. \"Tw\u00f3rczo\u015b\u0107 filmowa Jana Svankmajera. G\u0142\u00f3wne konteksty kulturowe i ideowe\" obj\u0119\u0142a TVP Kultura. Wi\u0119cej po tym adresem. Publikacja jest udost\u0119pniana w ramach wolnego i [&hellip;]<\/p>","protected":false},"author":14,"featured_media":16998,"comment_status":"closed","ping_status":"open","sticky":false,"template":"","format":"standard","meta":{"footnotes":""},"categories":[699,684,687,688],"tags":[305,690,689],"class_list":{"0":"post-16222","1":"post","2":"type-post","3":"status-publish","4":"format-standard","5":"has-post-thumbnail","6":"hentry","7":"category-2020-arch","8":"category-publikacje","11":"tag-boguslaw-zmudzinski","12":"tag-publikacja","13":"tag-tworczosc-filmowa-jana-svankmajera"},"_links":{"self":[{"href":"https:\/\/fundacja.etiudaandanima.pl\/en\/wp-json\/wp\/v2\/posts\/16222","targetHints":{"allow":["GET"]}}],"collection":[{"href":"https:\/\/fundacja.etiudaandanima.pl\/en\/wp-json\/wp\/v2\/posts"}],"about":[{"href":"https:\/\/fundacja.etiudaandanima.pl\/en\/wp-json\/wp\/v2\/types\/post"}],"author":[{"embeddable":true,"href":"https:\/\/fundacja.etiudaandanima.pl\/en\/wp-json\/wp\/v2\/users\/14"}],"replies":[{"embeddable":true,"href":"https:\/\/fundacja.etiudaandanima.pl\/en\/wp-json\/wp\/v2\/comments?post=16222"}],"version-history":[{"count":13,"href":"https:\/\/fundacja.etiudaandanima.pl\/en\/wp-json\/wp\/v2\/posts\/16222\/revisions"}],"predecessor-version":[{"id":17130,"href":"https:\/\/fundacja.etiudaandanima.pl\/en\/wp-json\/wp\/v2\/posts\/16222\/revisions\/17130"}],"wp:featuredmedia":[{"embeddable":true,"href":"https:\/\/fundacja.etiudaandanima.pl\/en\/wp-json\/wp\/v2\/media\/16998"}],"wp:attachment":[{"href":"https:\/\/fundacja.etiudaandanima.pl\/en\/wp-json\/wp\/v2\/media?parent=16222"}],"wp:term":[{"taxonomy":"category","embeddable":true,"href":"https:\/\/fundacja.etiudaandanima.pl\/en\/wp-json\/wp\/v2\/categories?post=16222"},{"taxonomy":"post_tag","embeddable":true,"href":"https:\/\/fundacja.etiudaandanima.pl\/en\/wp-json\/wp\/v2\/tags?post=16222"}],"curies":[{"name":"wp","href":"https:\/\/api.w.org\/{rel}","templated":true}]}}