{"id":13999,"date":"2018-07-17T07:40:24","date_gmt":"2018-07-17T05:40:24","guid":{"rendered":"http:\/\/etiudaandanima.pl\/?p=13999"},"modified":"2018-10-26T11:51:22","modified_gmt":"2018-10-26T09:51:22","slug":"zolta-lodz-podwodna-przyplynie-na-festiwal-etiudaandanima-2018","status":"publish","type":"post","link":"https:\/\/fundacja.etiudaandanima.pl\/en\/aktualnosci\/zolta-lodz-podwodna-przyplynie-na-festiwal-etiudaandanima-2018\/","title":{"rendered":"\u017b\u00f3\u0142ta \u0142\u00f3d\u017a podwodna przyp\u0142ynie na festiwal Etiuda&#038;Anima 2018"},"content":{"rendered":"<p><img loading=\"lazy\" decoding=\"async\" class=\"alignnone size-full wp-image-13997\" src=\"http:\/\/etiudaandanima.pl\/wp-content\/uploads\/2018\/07\/The_Beatles_Yellow_Submarine_foto1.jpg\" alt=\"\u017b\u00f3\u0142ta \u0142\u00f3d\u017a podwodna - The Beatles\" width=\"917\" height=\"500\" srcset=\"https:\/\/fundacja.etiudaandanima.pl\/wp-content\/uploads\/2018\/07\/The_Beatles_Yellow_Submarine_foto1.jpg 917w, https:\/\/fundacja.etiudaandanima.pl\/wp-content\/uploads\/2018\/07\/The_Beatles_Yellow_Submarine_foto1-600x327.jpg 600w, https:\/\/fundacja.etiudaandanima.pl\/wp-content\/uploads\/2018\/07\/The_Beatles_Yellow_Submarine_foto1-150x82.jpg 150w, https:\/\/fundacja.etiudaandanima.pl\/wp-content\/uploads\/2018\/07\/The_Beatles_Yellow_Submarine_foto1-264x144.jpg 264w, https:\/\/fundacja.etiudaandanima.pl\/wp-content\/uploads\/2018\/07\/The_Beatles_Yellow_Submarine_foto1-768x419.jpg 768w\" sizes=\"auto, (max-width: 917px) 100vw, 917px\" \/><\/p>\n<p>17 lipca mija 50 lat od premiery filmu animowanego \u201e\u017b\u00f3\u0142ta \u0142\u00f3d\u017a podwodna\u201d, z niezapomnian\u0105 muzyk\u0105 zespo\u0142u The Beatles. Podczas tegorocznej edycji festiwalu Etiuda&amp;Anima przypomnimy to kultowe dzie\u0142o. <\/p>\n<p>\u201eYellow Submarine\u201d, \u201eAll Togehter Now\u201d, \u201eLucy in the Sky With Diamonds\u201d, \u201eAll You Need Is Love\u201d, \u201eSgt. Pepper's Lonely Hearts Club Band\u201d \u2013 kt\u00f3\u017c nie s\u0142ysza\u0142 tych przeboj\u00f3w Beatles\u2019\u00f3w. Znalaz\u0142y si\u0119 one na \u015bcie\u017cce d\u017awi\u0119kowej \u201e\u017b\u00f3\u0142tej \u0142odzi podwodnej\u201d, czyli filmu, kt\u00f3ry po dzi\u015b dzie\u0144 jest najbardziej znan\u0105 przygod\u0105 z kinem cudownych ch\u0142opc\u00f3w z Liverpoolu, a tak\u017ce sztandarowym portretem psychodelicznej kultury lat 60. ubieg\u0142ego wieku.<\/p>\n<p><img loading=\"lazy\" decoding=\"async\" class=\"alignnone size-full wp-image-13998\" src=\"http:\/\/etiudaandanima.pl\/wp-content\/uploads\/2018\/07\/The-Beatles-Yellow-Submarine_foto2.jpg\" alt=\"\u017b\u00f3\u0142ta \u0142\u00f3d\u017a podwodna - The Beatles\" width=\"917\" height=\"500\" srcset=\"https:\/\/fundacja.etiudaandanima.pl\/wp-content\/uploads\/2018\/07\/The-Beatles-Yellow-Submarine_foto2.jpg 917w, https:\/\/fundacja.etiudaandanima.pl\/wp-content\/uploads\/2018\/07\/The-Beatles-Yellow-Submarine_foto2-600x327.jpg 600w, https:\/\/fundacja.etiudaandanima.pl\/wp-content\/uploads\/2018\/07\/The-Beatles-Yellow-Submarine_foto2-150x82.jpg 150w, https:\/\/fundacja.etiudaandanima.pl\/wp-content\/uploads\/2018\/07\/The-Beatles-Yellow-Submarine_foto2-264x144.jpg 264w, https:\/\/fundacja.etiudaandanima.pl\/wp-content\/uploads\/2018\/07\/The-Beatles-Yellow-Submarine_foto2-768x419.jpg 768w\" sizes=\"auto, (max-width: 917px) 100vw, 917px\" \/><\/p>\n<p>Pop-artowy styl animacji, narracja przypominaj\u0105ca narkotyczny trip, humor w stylu Monty Pythona, pacyfistyczny przekaz oraz piosenki The Beatles \u2013 zapraszamy na rejs \u201e\u017b\u00f3\u0142t\u0105 \u0142odzi\u0105 podwodn\u0105\u201d. Razem z czterema m\u0142odzie\u0144cami: Paulem, Georgem, Ringo i Johnem ruszymy na ratunek mieszka\u0144com krainy Pepperland, zniewolonej przez agresywnych Sinolc\u00f3w, kt\u00f3rzy nienawidz\u0105 muzyki.<\/p>\n<p>&nbsp;<\/p>\n<p><strong>Projekcja inauguracyjna 25. edycji festiwalu Etiuda&amp;Anima<\/strong><br \/>\n<strong>\u201e\u017b\u00f3\u0142ta \u0142\u00f3d\u017a podwodna\u201d \/ \u201eYellow Submarine\u201d<\/strong><br \/>\nre\u017c. George Dunning, Wielka Brytania\/USA 1968, animacja, 90 min.<br \/>\n<strong>20 listopada 2018 (wtorek), Kij\u00f3w Centrum<\/strong><\/p>","protected":false},"excerpt":{"rendered":"<p>17 lipca mija 50 lat od premiery filmu animowanego \u201e\u017b\u00f3\u0142ta \u0142\u00f3d\u017a podwodna\u201d, z niezapomnian\u0105 muzyk\u0105 zespo\u0142u The Beatles. Podczas tegorocznej edycji festiwalu Etiuda&amp;Anima przypomnimy to kultowe dzie\u0142o. \u201eYellow Submarine\u201d, \u201eAll Togehter Now\u201d, \u201eLucy in the Sky With Diamonds\u201d, \u201eAll You Need Is Love\u201d, \u201eSgt. Pepper's Lonely Hearts Club Band\u201d \u2013 kt\u00f3\u017c nie s\u0142ysza\u0142 tych przeboj\u00f3w [&hellip;]<\/p>","protected":false},"author":14,"featured_media":13997,"comment_status":"closed","ping_status":"open","sticky":false,"template":"","format":"standard","meta":{"footnotes":""},"categories":[14],"tags":[],"class_list":["post-13999","post","type-post","status-publish","format-standard","has-post-thumbnail","hentry","category-aktualnosci"],"_links":{"self":[{"href":"https:\/\/fundacja.etiudaandanima.pl\/en\/wp-json\/wp\/v2\/posts\/13999","targetHints":{"allow":["GET"]}}],"collection":[{"href":"https:\/\/fundacja.etiudaandanima.pl\/en\/wp-json\/wp\/v2\/posts"}],"about":[{"href":"https:\/\/fundacja.etiudaandanima.pl\/en\/wp-json\/wp\/v2\/types\/post"}],"author":[{"embeddable":true,"href":"https:\/\/fundacja.etiudaandanima.pl\/en\/wp-json\/wp\/v2\/users\/14"}],"replies":[{"embeddable":true,"href":"https:\/\/fundacja.etiudaandanima.pl\/en\/wp-json\/wp\/v2\/comments?post=13999"}],"version-history":[{"count":2,"href":"https:\/\/fundacja.etiudaandanima.pl\/en\/wp-json\/wp\/v2\/posts\/13999\/revisions"}],"predecessor-version":[{"id":14380,"href":"https:\/\/fundacja.etiudaandanima.pl\/en\/wp-json\/wp\/v2\/posts\/13999\/revisions\/14380"}],"wp:featuredmedia":[{"embeddable":true,"href":"https:\/\/fundacja.etiudaandanima.pl\/en\/wp-json\/wp\/v2\/media\/13997"}],"wp:attachment":[{"href":"https:\/\/fundacja.etiudaandanima.pl\/en\/wp-json\/wp\/v2\/media?parent=13999"}],"wp:term":[{"taxonomy":"category","embeddable":true,"href":"https:\/\/fundacja.etiudaandanima.pl\/en\/wp-json\/wp\/v2\/categories?post=13999"},{"taxonomy":"post_tag","embeddable":true,"href":"https:\/\/fundacja.etiudaandanima.pl\/en\/wp-json\/wp\/v2\/tags?post=13999"}],"curies":[{"name":"wp","href":"https:\/\/api.w.org\/{rel}","templated":true}]}}