{"id":17364,"date":"2023-06-28T11:31:55","date_gmt":"2023-06-28T09:31:55","guid":{"rendered":"http:\/\/fundacja.etiudaandanima.pl\/?p=17364"},"modified":"2023-06-28T12:01:23","modified_gmt":"2023-06-28T10:01:23","slug":"notacje-longin-szmyd-o-studio-filmow-animowanych-w-krakowie","status":"publish","type":"post","link":"http:\/\/fundacja.etiudaandanima.pl\/en\/projekty\/2021\/notacje-longin-szmyd-o-studio-filmow-animowanych-w-krakowie\/","title":{"rendered":"Notacje: Longin Szmyd o Studio Film\u00f3w Animowanych w Krakowie"},"content":{"rendered":"<p><br>Artysta ur. si\u0119 w 1955 r. w Bytomiu. Absolwent Wydzia\u0142u Grafiki w ASPw Krakowie, gdzie studiowa\u0142 w Pracowni Rysunku Filmowego. Studiowa\u0142 tak\u017ce animacj\u0119 w PWSFTviT w \u0141odzi. Uprawia grafik\u0119, rysunek i malarstwo i film animowany. Z krakowskim Studiem Film\u00f3w Animowanych, z kt\u00f3rym zwi\u0105zany by\u0142 od 1982 roku. Od pocz\u0105tku lat 90. prowadzi w\u0142asne studio producenckie pod nazw\u0105 Longin Studio. Autor kilkudziesi\u0119ciu film\u00f3w animowanych, wielokrotnie nagradzany na zagranicznych i krajowych festiwalach filmowych (m. in. OFAFA w Krakowie).<\/p>\n\n\n\n<p><strong>Longina Szmyda wys\u0142ucha\u0142 Bogus\u0142aw Zmudzi\u0144ski<\/strong><\/p>\n\n\n\n<p><\/p>\n\n\n\n<p><br><\/p>\n\n\n\n<figure class=\"wp-block-embed-youtube wp-block-embed is-type-video is-provider-youtube wp-embed-aspect-16-9 wp-has-aspect-ratio\"><div class=\"wp-block-embed__wrapper\">\n<iframe loading=\"lazy\" title=\"Notacje: Longin Szmyd o Studio Film\u00f3w Animowanych w Krakowie\" width=\"500\" height=\"281\" src=\"https:\/\/www.youtube.com\/embed\/TzS9bHhnxiQ?feature=oembed\" frameborder=\"0\" allow=\"accelerometer; autoplay; clipboard-write; encrypted-media; gyroscope; picture-in-picture; web-share\" referrerpolicy=\"strict-origin-when-cross-origin\" allowfullscreen><\/iframe>\n<\/div><\/figure>\n\n\n\n<p><br><br><\/p>\n\n\n\n<p><strong>O notacjach <\/strong><br>Tematem cyklu notacji jest ocalenie od zapomnienia wiedzy na temat Studia Film\u00f3w Animowanych w Krakowie i \u015brodowiska artystycznego z nim zwi\u0105zanego. Studio powsta\u0142o w Krakowie w 1966 r. jako filia warszawskiego Studia Miniatur Filmowych. Inicjatorem i za\u0142o\u017cycielem by\u0142 Kazimierz Urba\u0144ski - wyk\u0142adowca Akademii Sztuk Pi\u0119knych w Krakowie, prowadz\u0105cy tam Pracowni\u0119 Rysunku Filmowego. W 1974 r studio uzyska\u0142o samodzielno\u015b\u0107 prawn\u0105 i now\u0105 nazw\u0119 - Studio Film\u00f3w Animowanych, pod kt\u00f3r\u0105 sta\u0142o si\u0119 s\u0142awne na ca\u0142ym \u015bwiecie. G\u0142\u00f3wnym zadaniem studia by\u0142a realizacja animowanych autorskich film\u00f3w kr\u00f3tkometra\u017cowych, adresowanych do widza doros\u0142ego. Produkowano tam jednak tak\u017ce filmy dla dzieci oraz inne formy kr\u00f3tkometra\u017cowe. W\u015br\u00f3d czo\u0142owych tw\u00f3rc\u00f3w SFA trzeba wymieni\u0107: Jerzego Kuci\u0119, Juliana Antonisza, Ryszarda Antoniszczaka, Ryszarda Czeka\u0142\u0119, Krzysztofa Kiwerskiego, Krzysztofa Raynocha, Aleksandra Sroczy\u0144skiego, Andrzeja Warcha\u0142a, Zbigniewa Szyma\u0144skiego oraz Longina Szmyda . W latach 90. XX wieku rozpocz\u0105\u0142 si\u0119 kryzys SFA w Krakowie, kt\u00f3re ostatecznie zosta\u0142o zamkni\u0119te w 2003r. Notacje b\u0119d\u0105 spe\u0142nia\u0107 walory poznawcze, dokumentacyjne, upowszechniaj\u0105c dobra kultury w Ma\u0142opolsce. <\/p>\n\n\n\n<p><br><strong>Produkcja: <\/strong>Foundation for the Promotion of Artistic, Film and Audiovisual Culture Etiuda&amp;Anima <\/p>","protected":false},"excerpt":{"rendered":"<p>Artysta ur. si\u0119 w 1955 r. w Bytomiu. Absolwent Wydzia\u0142u Grafiki w ASPw Krakowie, gdzie studiowa\u0142 w Pracowni Rysunku Filmowego. Studiowa\u0142 tak\u017ce animacj\u0119 w PWSFTviT w \u0141odzi. Uprawia grafik\u0119, rysunek i malarstwo i film animowany. Z krakowskim Studiem Film\u00f3w Animowanych, z kt\u00f3rym zwi\u0105zany by\u0142 od 1982 roku. Od pocz\u0105tku lat 90. prowadzi w\u0142asne studio producenckie [&hellip;]<\/p>","protected":false},"author":14,"featured_media":17356,"comment_status":"closed","ping_status":"open","sticky":false,"template":"","format":"standard","meta":{"footnotes":""},"categories":[731,1426],"tags":[1431,1427,1428],"class_list":["post-17364","post","type-post","status-publish","format-standard","has-post-thumbnail","hentry","category-731","category-noteacje","tag-longin-szmyd","tag-notacje-2021","tag-studio-filmow-animowanych-w-krakowie"],"_links":{"self":[{"href":"http:\/\/fundacja.etiudaandanima.pl\/en\/wp-json\/wp\/v2\/posts\/17364","targetHints":{"allow":["GET"]}}],"collection":[{"href":"http:\/\/fundacja.etiudaandanima.pl\/en\/wp-json\/wp\/v2\/posts"}],"about":[{"href":"http:\/\/fundacja.etiudaandanima.pl\/en\/wp-json\/wp\/v2\/types\/post"}],"author":[{"embeddable":true,"href":"http:\/\/fundacja.etiudaandanima.pl\/en\/wp-json\/wp\/v2\/users\/14"}],"replies":[{"embeddable":true,"href":"http:\/\/fundacja.etiudaandanima.pl\/en\/wp-json\/wp\/v2\/comments?post=17364"}],"version-history":[{"count":1,"href":"http:\/\/fundacja.etiudaandanima.pl\/en\/wp-json\/wp\/v2\/posts\/17364\/revisions"}],"predecessor-version":[{"id":17365,"href":"http:\/\/fundacja.etiudaandanima.pl\/en\/wp-json\/wp\/v2\/posts\/17364\/revisions\/17365"}],"wp:featuredmedia":[{"embeddable":true,"href":"http:\/\/fundacja.etiudaandanima.pl\/en\/wp-json\/wp\/v2\/media\/17356"}],"wp:attachment":[{"href":"http:\/\/fundacja.etiudaandanima.pl\/en\/wp-json\/wp\/v2\/media?parent=17364"}],"wp:term":[{"taxonomy":"category","embeddable":true,"href":"http:\/\/fundacja.etiudaandanima.pl\/en\/wp-json\/wp\/v2\/categories?post=17364"},{"taxonomy":"post_tag","embeddable":true,"href":"http:\/\/fundacja.etiudaandanima.pl\/en\/wp-json\/wp\/v2\/tags?post=17364"}],"curies":[{"name":"wp","href":"https:\/\/api.w.org\/{rel}","templated":true}]}}